{"id":933,"date":"2015-05-24T15:42:20","date_gmt":"2015-05-24T13:42:20","guid":{"rendered":"http:\/\/www.fiativallecamonica.net\/?p=933"},"modified":"2016-08-22T11:53:01","modified_gmt":"2016-08-22T09:53:01","slug":"patrizia-salvini","status":"publish","type":"post","link":"http:\/\/www.fiativallecamonica.net\/index.php\/2015\/05\/24\/patrizia-salvini\/","title":{"rendered":"Patrizia Salvini"},"content":{"rendered":"<p>&nbsp;<\/p>\n<div id=\"imContent\">\n<div>\n<div id=\"imCell_2\">\n<div id=\"imCellStyle_2\">\n<div id=\"imTextObject_2_tab0\">\n<p><img loading=\"lazy\" decoding=\"async\" class=\"size-medium wp-image-935 alignleft\" alt=\"Press-kit\" src=\"http:\/\/www.fiativallecamonica.net\/wp-content\/uploads\/2015\/05\/Press-kit-300x199.jpg\" width=\"300\" height=\"199\" srcset=\"http:\/\/www.fiativallecamonica.net\/wp-content\/uploads\/2015\/05\/Press-kit-300x199.jpg 300w, http:\/\/www.fiativallecamonica.net\/wp-content\/uploads\/2015\/05\/Press-kit-1024x682.jpg 1024w, http:\/\/www.fiativallecamonica.net\/wp-content\/uploads\/2015\/05\/Press-kit-720x479.jpg 720w, http:\/\/www.fiativallecamonica.net\/wp-content\/uploads\/2015\/05\/Press-kit.jpg 2048w\" sizes=\"(max-width: 300px) 100vw, 300px\" \/><\/p>\n<p style=\"text-align: justify;\">Diplomata in pianoforte sotto la guida del M\u00b0 M. Neri presso l\u2019Istituto Pareggiato \u201cG. Puccini\u201d di Gallarate, si \u00e8 perfezionata presso l\u2019Accademia Europea \u201cR. Romanini\u201d di Brescia citt\u00e0 con il\u00a0M\u00b0 S. Marengoni e \u00a0presso l&#8217;Accademia Nazionale di Santa Cecilia a Roma dove ha conseguito i diplomi di Musica da Camera sotto la guida di Carlo Fabiano e di Pianoforte sotto la guida del Maestro Sergio Perticaroli con il massimo dei voti e la Lode, suonando nella Sala di Santa Cecilia al Parco della Musica.<br \/>\nNel corso dei suoi studi si \u00e8 avvalsa dei consigli degli illustri Maestri A. Ciccolini, L. Margarius, K. Bogino, C. Katsaris, P.B.Skoda, M. Beroff e di A. Speranza (che di lei ha scritto: \u201c&#8230;un eccezionale talento musicale\u201d) in Masterclass tenute presso il MusicaRiva Festival, Villa Medici-<wbr \/>Giulini di Briosco, l&#8217;Accademie International d&#8217;\u00e9t\u00e9 de Nice e l&#8217;Universit\u00e4t Mozarteum di Salzburg.<br \/>\nDopo aver riportato a soli 15 anni il terzo premio al VI Music International Grand Prix di Rijeka, \u00e8 risultata vincitrice del \u201cPremio Accademia \u2013 Roma\u201d, del \u201cXIX Premio Pianistico Internazionale \u201cC. Togni\u201d di Gussago &#8211;<wbr \/>\u00a0Pianoforte e Orchestra\u201d, del prestigioso Concorso indetto dalla Societ\u00e0 Umanitaria di Milano riservato ai migliori studenti dei conservatori italiani ed \u00e8 stata finalista al III International Grand Prix de Piano de Lyon.<\/p>\n<p style=\"text-align: justify;\">Ha conseguito inoltre il primo premio assoluto in pi\u00f9 di venti Concorsi, tra cui: \u201cCitt\u00e0 di Stresa\u201d; International Music Competition \u201cCitt\u00e0 di Cortemilia\u201d; \u201cTerzo Musica\u201d (conseguendo anche il Premio Speciale A. Tavella assegnato \u201cAl miglior talento tra i concorrenti pi\u00f9 giovani\u201d); \u201cPremio F. Chopin &#8211;<wbr \/>\u00a0Citt\u00e0 di Racconigi\u201d, \u201cPremio d&#8217;Interpretazione Pianistica Valle Bormida\u201d; \u201cCitt\u00e0 di Cesenatico\u201d , \u201cCitt\u00e0 di Bologna\u201d; \u201cPremio J.S.Bach &#8211;<wbr \/>Sestri Levante\u201d; \u201cCitt\u00e0 Castiglion Fiorentino (conseguendo anche il Premio Speciale\u00a0FIDAPA \u201calla miglior concorrente donna\u201d ); \u201cCoppa Pianisti d\u2019Italia\u201d di Osimo.<\/p>\n<p style=\"text-align: justify;\">A partire dal suo primo recital tenuto all&#8217;et\u00e0 di 12 anni, Patrizia ha suonato come solista e in varie formazioni di musica da camera in numerose citt\u00e0 italiane ed europee, tra cui Bolzano (Sala A. B. Michelangeli), Brescia (Auditorium San Barnaba e Teatro Sociale), Mantova (Palazzo Ducale), Varese (Salone estense), Bergamo (Sala Piatti), Milano, Torino (Teatro Alfieri e Teatro Vittoria), Udine, Venezia, Bologna, Ravenna, Perugia (Aula Magna dell&#8217;Universit\u00e0), Ischia (Fondazione W. Walton) Danzica, Varsavia, Lodz, Fiume (Teatro Filarmonico), Scutari (Teatro Migjeni), Tirana, Madrid, Valladolid, Lione (Salle Debussy, Soci\u00e9t\u00e9 Chopin), Bruxelles, Monaco (Steinway house), Londra&#8230; riscontrando sempre grande successo di pubblico e di critica. \u00a0Per la fine del 2014 \u00e8 previsto il debutto in Russia e in Cina con una tourn\u00e9e di 7 concerti.<\/p>\n<\/div>\n<p style=\"text-align: justify;\">E\u2019 invitata dai pi\u00f9 importanti Festival italiani (Festival Pianistico di Spoleto, Aosta Classica, Lediecigiornate di Brescia, MiTo Settembre Musica, Festival Verdi..) e ha suonato in veste di solista con l&#8217;Orchestra del Conservatorio di Brescia, l&#8217;Orchestra Sinfonietta Italiana e l&#8217;Orchestra dei Pomeriggi Musicali di Milano. \u00a0Negli ultimi anni ha collaborato con musicisti di chiara fama, quali la violinista Y. Berinskaya, M. Zoni, B. Cavallo e M. Scano (gi\u00e0 primi flauti e primo violoncello presso il Teatro alla Scala), E. Caroli (gi\u00e0\u00a0primo flauto del Teatro La Fenice), in concerti e in diverse Masterclasses. Da tempo si dedica anche alla divulgazione della musica contemporanea e ha presentato in Prima Esecuzione assoluta il brano \u201c\u2026quasi un\u00a0enigma\u2026\u201d del Compositore milanese Paolo Rimoldi.<\/p>\n<p style=\"text-align: justify;\">Nel 2012 \u00e8 stata invitata dal Conservatoire de la Ville de Louxembourg a tenere una conferenza sulla \u201cScuola pianistica italiana\u201d, iniziativa che si ripeter\u00e0 in Israele nel corso del prossimo anno.<b><br \/>\n<\/b><\/p>\n<\/div>\n<\/div>\n<\/div>\n<div id=\"imFooPad\">Solista con OFVC:<br \/>\n10 Luglio 2015 &#8211; G. Gershwin &#8211; Rapsodia in blue<br \/>\n11 Luglio 2015 &#8211; G. Gershwin &#8211; Rapsodia in blue<\/div>\n<div><\/div>\n<\/div>\n<p>&nbsp;<\/p>\n<div id=\"imFooter\"><\/div>\n","protected":false},"excerpt":{"rendered":"<p>&nbsp; Diplomata in pianoforte sotto la guida del M\u00b0 M. Neri presso l\u2019Istituto Pareggiato \u201cG. Puccini\u201d di Gallarate, si \u00e8 perfezionata presso l\u2019Accademia Europea \u201cR. Romanini\u201d di Brescia citt\u00e0 con il\u00a0M\u00b0 S. Marengoni e \u00a0presso l&#8217;Accademia Nazionale di Santa Cecilia a Roma dove ha conseguito i diplomi di Musica da Camera sotto la guida di [&hellip;]<\/p>\n","protected":false},"author":1,"featured_media":934,"comment_status":"closed","ping_status":"closed","sticky":false,"template":"","format":"standard","meta":{"footnotes":""},"categories":[6],"tags":[],"_links":{"self":[{"href":"http:\/\/www.fiativallecamonica.net\/index.php\/wp-json\/wp\/v2\/posts\/933"}],"collection":[{"href":"http:\/\/www.fiativallecamonica.net\/index.php\/wp-json\/wp\/v2\/posts"}],"about":[{"href":"http:\/\/www.fiativallecamonica.net\/index.php\/wp-json\/wp\/v2\/types\/post"}],"author":[{"embeddable":true,"href":"http:\/\/www.fiativallecamonica.net\/index.php\/wp-json\/wp\/v2\/users\/1"}],"replies":[{"embeddable":true,"href":"http:\/\/www.fiativallecamonica.net\/index.php\/wp-json\/wp\/v2\/comments?post=933"}],"version-history":[{"count":4,"href":"http:\/\/www.fiativallecamonica.net\/index.php\/wp-json\/wp\/v2\/posts\/933\/revisions"}],"predecessor-version":[{"id":1118,"href":"http:\/\/www.fiativallecamonica.net\/index.php\/wp-json\/wp\/v2\/posts\/933\/revisions\/1118"}],"wp:featuredmedia":[{"embeddable":true,"href":"http:\/\/www.fiativallecamonica.net\/index.php\/wp-json\/wp\/v2\/media\/934"}],"wp:attachment":[{"href":"http:\/\/www.fiativallecamonica.net\/index.php\/wp-json\/wp\/v2\/media?parent=933"}],"wp:term":[{"taxonomy":"category","embeddable":true,"href":"http:\/\/www.fiativallecamonica.net\/index.php\/wp-json\/wp\/v2\/categories?post=933"},{"taxonomy":"post_tag","embeddable":true,"href":"http:\/\/www.fiativallecamonica.net\/index.php\/wp-json\/wp\/v2\/tags?post=933"}],"curies":[{"name":"wp","href":"https:\/\/api.w.org\/{rel}","templated":true}]}}