{"id":335,"date":"2012-10-03T01:12:54","date_gmt":"2012-10-02T23:12:54","guid":{"rendered":"http:\/\/wwwnew.fiativallecamonica.net\/?p=335"},"modified":"2013-04-25T01:16:51","modified_gmt":"2013-04-24T23:16:51","slug":"lorchestra-di-fiati-di-vallecamonica-si-aggiudica-il-concorso-internazionale-vallee-daoste","status":"publish","type":"post","link":"http:\/\/www.fiativallecamonica.net\/index.php\/2012\/10\/03\/lorchestra-di-fiati-di-vallecamonica-si-aggiudica-il-concorso-internazionale-vallee-daoste\/","title":{"rendered":"L&#8217;Orchestra di Fiati di Vallecamonica si aggiudica il Concorso Internazionale &#8220;Vall\u00e9e d&#8217;Aoste&#8221;"},"content":{"rendered":"<p style=\"text-align: justify;\"><strong>SAINT VINCENT (AO), 30 Settembre 2012 &#8211; Con un punteggio di 95.15\/100, la formazione diretta da Denis Salvini si conferma tra le migliori formazioni italiane (Comunicato Stampa a cura dell&#8217;Associazione)<\/strong><\/p>\n<p style=\"text-align: justify;\">Si \u00e8 svolta a St. Vincent (AO) durante lo scorso week-end, la V edizione del Concorso Bandistico Internazionale &#8220;Vall\u00e9e d&#8217;Aoste&#8221;, una delle pi\u00f9 importanti manifestazioni di questo tipo in Italia, insieme al &#8220;Flicorno d&#8217;Oro&#8221; di Riva del Garda. Il concorso, organizzato dalla Orchestre d&#8217;Harmonie du Val d&#8217;Aoste in collaborazione con l&#8217;Assessorato alla Cultura della Regione Autonoma Valle d&#8217;Aosta e l&#8217;Istituto Musicale di Aosta, \u00e8 diventato negli anni un appuntamento riconosciuto come di altissimo livello per il settore.<br \/>\nL&#8217;edizione 2012 ha visto il trionfo assoluto dell&#8217;Orchestra di Fiati di ValleCamonica, che si \u00e8 aggiudicata il primo premio nella Categoria ECCELLENZA (la pi\u00f9 alta possibile), e con il punteggio ragguardevole di 95.15\/100 ha conseguito il punteggio pi\u00f9 alto di tutta la manifestazione, che annoverava partecipanti provenienti da Italia, Francia e Spagna.<br \/>\nLa giuria, presieduta dal Compositore Belga Andr\u00e9 Waignein e composta da Jacob de Haan (Olanda), Franco Cesarini (Svizzera), Kar\u00f2ly Neumeier (Ungheria), e Ferrer Ferran (Spagna), ha avuto commenti entusiastici per la prestazione dell&#8217;Orchestra Bresciane, per l&#8217;accurata e convincente esecuzione del brano d&#8217;Obbligo &#8220;Salomon&#8221; (il cui autore\u00e8 lo stesso Ferrer Ferran) e del brano libero &#8220;The Undanced Ballet&#8221; del recentemente scomparso Ungherese Frigyes Hidas. Un riconoscimento che si aggiunge al cospicuo palmar\u00e8s dell&#8217;Orchestra, che si \u00e8 gi\u00e0 aggiudicata in precedenza il primo premio in prima categoria (2007) e il secondo incategoria Superiore (2011) al &#8220;Flicorno d&#8217;Oro&#8221; di Riva del Garda.<br \/>\nL&#8217;Orchestra, nata in ValleCamonica nel 2003, ad oggi annovera componenti provenienti dai quattro angoli della Provincia di Brescia: dal lagod&#8217;Iseo a quello di Garda, dalla ValleCamonica fino al confine con la provincia di Cremona. Fin dalla sua fondazione \u00e8 diretta da Denis Salvini, e celebrer\u00e0 il decennale il prossimo anno, dimostrando di avere raggiunto un livello artistico e qualitativo ragguardevole sul panorama Nazionale ed Europeo. Non \u00e8 ancora per\u00f2 terminata l&#8217;attivit\u00e0 2012, infatti il prossimo Novembre l&#8217;Orchestra sar\u00e0 impegnata nella sua prima registrazione in studio, per la realizzazione di un Compact Disc interamente dedicato ad autori Italiani.<\/p>\n<p style=\"text-align: justify;\">Info<br \/>\nAssociazione Brescia Filharmonia<br \/>\nVia Repubblica 40, 25068 SAREZZO BS<br \/>\nC.F. 92014600172 \u2013 P.Iva 03443320985<\/p>\n<p style=\"text-align: justify;\">Presidente 347.89.10.199<br \/>\nDir. Artistica 349.13.17.734<br \/>\ne-mail: info@fiativallecamonica.net<br \/>\nweb: <a href=\"www.fiativallecamonica.net\">www.fiativallecamonica.net<\/a><\/p>\n<p style=\"text-align: justify;\">Fonte: <a href=\"http:\/\/www.mondobande.it\/articolo.php?id=480\">http:\/\/www.mondobande.it\/articolo.php?id=480<\/a><\/p>\n","protected":false},"excerpt":{"rendered":"<p>SAINT VINCENT (AO), 30 Settembre 2012 &#8211; Con un punteggio di 95.15\/100, la formazione diretta da Denis Salvini si conferma tra le migliori formazioni italiane (Comunicato Stampa a cura dell&#8217;Associazione) Si \u00e8 svolta a St. Vincent (AO) durante lo scorso week-end, la V edizione del Concorso Bandistico Internazionale &#8220;Vall\u00e9e d&#8217;Aoste&#8221;, una delle pi\u00f9 importanti manifestazioni [&hellip;]<\/p>\n","protected":false},"author":1,"featured_media":338,"comment_status":"open","ping_status":"open","sticky":false,"template":"","format":"standard","meta":{"footnotes":""},"categories":[2,8],"tags":[],"_links":{"self":[{"href":"http:\/\/www.fiativallecamonica.net\/index.php\/wp-json\/wp\/v2\/posts\/335"}],"collection":[{"href":"http:\/\/www.fiativallecamonica.net\/index.php\/wp-json\/wp\/v2\/posts"}],"about":[{"href":"http:\/\/www.fiativallecamonica.net\/index.php\/wp-json\/wp\/v2\/types\/post"}],"author":[{"embeddable":true,"href":"http:\/\/www.fiativallecamonica.net\/index.php\/wp-json\/wp\/v2\/users\/1"}],"replies":[{"embeddable":true,"href":"http:\/\/www.fiativallecamonica.net\/index.php\/wp-json\/wp\/v2\/comments?post=335"}],"version-history":[{"count":3,"href":"http:\/\/www.fiativallecamonica.net\/index.php\/wp-json\/wp\/v2\/posts\/335\/revisions"}],"predecessor-version":[{"id":337,"href":"http:\/\/www.fiativallecamonica.net\/index.php\/wp-json\/wp\/v2\/posts\/335\/revisions\/337"}],"wp:featuredmedia":[{"embeddable":true,"href":"http:\/\/www.fiativallecamonica.net\/index.php\/wp-json\/wp\/v2\/media\/338"}],"wp:attachment":[{"href":"http:\/\/www.fiativallecamonica.net\/index.php\/wp-json\/wp\/v2\/media?parent=335"}],"wp:term":[{"taxonomy":"category","embeddable":true,"href":"http:\/\/www.fiativallecamonica.net\/index.php\/wp-json\/wp\/v2\/categories?post=335"},{"taxonomy":"post_tag","embeddable":true,"href":"http:\/\/www.fiativallecamonica.net\/index.php\/wp-json\/wp\/v2\/tags?post=335"}],"curies":[{"name":"wp","href":"https:\/\/api.w.org\/{rel}","templated":true}]}}