{"id":310,"date":"2013-04-25T00:21:32","date_gmt":"2013-04-24T22:21:32","guid":{"rendered":"http:\/\/wwwnew.fiativallecamonica.net\/?p=310"},"modified":"2013-08-02T16:40:48","modified_gmt":"2013-08-02T14:40:48","slug":"lorchestra-di-valle-camonica-con-la-tuba-di-oystein-baadsvik","status":"publish","type":"post","link":"http:\/\/www.fiativallecamonica.net\/index.php\/2013\/04\/25\/lorchestra-di-valle-camonica-con-la-tuba-di-oystein-baadsvik\/","title":{"rendered":"L&#8217;Orchestra di Valle Camonica con la tuba di Oystein Baadsvik"},"content":{"rendered":"<p style=\"text-align: justify;\"><em>dal Bresciaoggi del 13-04-2013<\/em><\/p>\n<p style=\"text-align: justify;\">PIAZZETTA MICHELANGELI. All&#8217;auditorium San Barnaba per festeggiare i dieci anni di attivit\u00e0. Il musicista norvegese proporr\u00e0, tra l&#8217;altro, una sua trascrizione di \u00abGabriel&#8217;s oboe\u00bb, il tema di \u00abMission\u00bb scritto da Ennio Morricone.<\/p>\n<p style=\"text-align: justify;\">Concerto dell&#8217;Orchestra di Fiati di Valle Camonica diretto da Denis Salvini, questa sera a Brescia alle 2,1 all&#8217;Auditorium San Barnaba in piazzetta Michelangeli. Il complesso festeggi i suoi primi dieci anni di vita e per l&#8217;occasione ha invitato un solista di notoriet\u00e0 internazionale, la norvegese tuba solista di Oystein Baadsvik che in questi giorni, nella sala Cavalli di Castrezzato, ha tenuto una masterclass sulla tecnica e su repertorio della tuba. Il concerto in San Barnaba, l&#8217;ingresso \u00e8 a 10 euro, 5 per il biglietto ridotto, ha un programma molto particolare perch\u00e9 comprende anzitutto il Concerto per tuba Ralph Vaughan Williams, praticamente il primo Concerto scritto per questo strumento musicale come solista e che vide la luce negli anni Quaranta del Novecento, rendendo famoso questo compositore in ambito internazionale. Baadsvik interpreter\u00e0 questa sera come solista anche una singolare ma quanto mai affascinante trascrizione di quel \u00abGabriel&#8217;s oboe\u00bb di Ennio Morricone che compare nella colonna sonora del film \u00abMission\u00bb di Roland Joff\u00e9. Infine il musicista norvegese interpreter\u00e0 un suo brano, lo sperimentale \u00abFnugg Blue\u00bb nel quale propone le varie possibilit\u00e0 di uno strumento musicale come la tuba, che in effetti \u00e8 ben poco conosciuto dal vasto pubblico. Il programma della serata si aprir\u00e0 comunque con un brano di un autore contemporaneo come l&#8217;inglese Kenneth Heskeh, nato nel 1968 ma che col suo \u00abMasque\u00bb si richiama alla musica inglese del Rinascimento; sempre nella proma parte del concerto un pezzo famoso, \u00abSpartacus\u00bb di Jan van der Roost, mentre nella seconda parte verr\u00e0 eseguita la bellissima, celebre Ouverture dal \u00abCandide\u00bb di Leonard Bernstein; nella parte finale un brano dal carattere pensoso come \u00abOctober\u00bb di Eric Whiteacre. Oystein Baadsvik \u00e8 famoso nell&#8217;ambiente musicale del repertorio per fiati come l&#8217;unico tubista che abbia avuto l&#8217;idea &#8211; e la costanza &#8211; di proporsi come tuba solista basando su questo una carriera fortunata che l&#8217;ha reso noto non solo in Norvegia ma anche a livello internazionale: ha suonato ad esempio alla Carnegie Hall di New York, a Varsavia e a Singapore; ha suonato in prima assoluta pi\u00f9 di quaranta lavori, molti dei quali scritti per lui.<\/p>\n<p>Luigi Fertonani<\/p>\n<p>Fonte: <a href=\"http:\/\/www.bresciaoggi.it\/stories\/Cultura_e_Spettacoli\/496659_lorchestra_di_valle_camonica_con_la_tuba_di_oystein_baadsvik\/\">http:\/\/www.bresciaoggi.it\/stories\/Cultura_e_Spettacoli\/496659_lorchestra_di_valle_camonica_con_la_tuba_di_oystein_baadsvik\/<\/a><\/p>\n","protected":false},"excerpt":{"rendered":"<p>dal Bresciaoggi del 13-04-2013 PIAZZETTA MICHELANGELI. All&#8217;auditorium San Barnaba per festeggiare i dieci anni di attivit\u00e0. Il musicista norvegese proporr\u00e0, tra l&#8217;altro, una sua trascrizione di \u00abGabriel&#8217;s oboe\u00bb, il tema di \u00abMission\u00bb scritto da Ennio Morricone. Concerto dell&#8217;Orchestra di Fiati di Valle Camonica diretto da Denis Salvini, questa sera a Brescia alle 2,1 all&#8217;Auditorium San [&hellip;]<\/p>\n","protected":false},"author":1,"featured_media":313,"comment_status":"open","ping_status":"open","sticky":false,"template":"","format":"standard","meta":{"footnotes":""},"categories":[8],"tags":[],"_links":{"self":[{"href":"http:\/\/www.fiativallecamonica.net\/index.php\/wp-json\/wp\/v2\/posts\/310"}],"collection":[{"href":"http:\/\/www.fiativallecamonica.net\/index.php\/wp-json\/wp\/v2\/posts"}],"about":[{"href":"http:\/\/www.fiativallecamonica.net\/index.php\/wp-json\/wp\/v2\/types\/post"}],"author":[{"embeddable":true,"href":"http:\/\/www.fiativallecamonica.net\/index.php\/wp-json\/wp\/v2\/users\/1"}],"replies":[{"embeddable":true,"href":"http:\/\/www.fiativallecamonica.net\/index.php\/wp-json\/wp\/v2\/comments?post=310"}],"version-history":[{"count":4,"href":"http:\/\/www.fiativallecamonica.net\/index.php\/wp-json\/wp\/v2\/posts\/310\/revisions"}],"predecessor-version":[{"id":312,"href":"http:\/\/www.fiativallecamonica.net\/index.php\/wp-json\/wp\/v2\/posts\/310\/revisions\/312"}],"wp:featuredmedia":[{"embeddable":true,"href":"http:\/\/www.fiativallecamonica.net\/index.php\/wp-json\/wp\/v2\/media\/313"}],"wp:attachment":[{"href":"http:\/\/www.fiativallecamonica.net\/index.php\/wp-json\/wp\/v2\/media?parent=310"}],"wp:term":[{"taxonomy":"category","embeddable":true,"href":"http:\/\/www.fiativallecamonica.net\/index.php\/wp-json\/wp\/v2\/categories?post=310"},{"taxonomy":"post_tag","embeddable":true,"href":"http:\/\/www.fiativallecamonica.net\/index.php\/wp-json\/wp\/v2\/tags?post=310"}],"curies":[{"name":"wp","href":"https:\/\/api.w.org\/{rel}","templated":true}]}}