{"id":2099,"date":"2024-10-23T09:19:10","date_gmt":"2024-10-23T07:19:10","guid":{"rendered":"http:\/\/www.fiativallecamonica.net\/?p=2099"},"modified":"2024-10-23T09:22:38","modified_gmt":"2024-10-23T07:22:38","slug":"jose-rafael-pascual-vilaplana","status":"publish","type":"post","link":"http:\/\/www.fiativallecamonica.net\/index.php\/2024\/10\/23\/jose-rafael-pascual-vilaplana\/","title":{"rendered":"Jos\u00e9 Rafael Pascual Vilaplana"},"content":{"rendered":"\n<figure class=\"wp-block-gallery has-nested-images columns-default is-cropped wp-block-gallery-1 is-layout-flex wp-block-gallery-is-layout-flex\">\n<figure class=\"wp-block-image size-large is-style-default\"><img loading=\"lazy\" decoding=\"async\" width=\"1024\" height=\"682\" data-id=\"2101\" src=\"http:\/\/www.fiativallecamonica.net\/wp-content\/uploads\/2024\/10\/jose-rafael-pascual-vilaplana-1-1024x682.png\" alt=\"\" class=\"wp-image-2101\" srcset=\"http:\/\/www.fiativallecamonica.net\/wp-content\/uploads\/2024\/10\/jose-rafael-pascual-vilaplana-1-1024x682.png 1024w, http:\/\/www.fiativallecamonica.net\/wp-content\/uploads\/2024\/10\/jose-rafael-pascual-vilaplana-1-300x200.png 300w, http:\/\/www.fiativallecamonica.net\/wp-content\/uploads\/2024\/10\/jose-rafael-pascual-vilaplana-1-768x511.png 768w, http:\/\/www.fiativallecamonica.net\/wp-content\/uploads\/2024\/10\/jose-rafael-pascual-vilaplana-1-720x479.png 720w, http:\/\/www.fiativallecamonica.net\/wp-content\/uploads\/2024\/10\/jose-rafael-pascual-vilaplana-1.png 1080w\" sizes=\"(max-width: 1024px) 100vw, 1024px\" \/><\/figure>\n<\/figure>\n\n\n\n<p>Direttore principale della Banda Municipale di Bilbao dal 2015 e della Banda Municipale di Barcellona dal 2018, \u00e8 anche direttore ospite principale della Banda Sinfonica Portuguesa di Porto dal 2010.<\/p>\n\n\n\n<p>Ha studiato direzione di banda con Jan Cober (Paesi Bassi) e Eugene Corporon (USA) e direzione d&#8217;orchestra con Karl \u00d6sterreicher, Yuji Yuhasa e Hans Graf (Austria). Invitato come direttore ospite in vari paesi come Germania, Argentina, Colombia, Cuba, Slovenia, Francia, Italia, Olanda, Portogallo, Romania, Svizzera, Uruguay e Stati Uniti sia in formazioni orchestrali che bandistiche, tra cu si evidenziano: Banda Nazionale Cubana, Banda della Marina Reale d&#8217;Olanda, Banda Municipal di Buenos Aires, Banda Sind\u00ecfonica di Montevideo, Banda Nacional Juvenil della Colombia, Banda dell&#8217;Esercito SAF della Slovenia, Orchestra Sinfonica de Murcia, BOS (Orchestra Sinfonica di Bilbao), Orchestra di Fiati di Gran Canaria, Orchestra Sinfonica di Castiglia e Le\u00f3n, Orchestra Sinfonica Accademia La Fenice di Venezia, Aulos Wind Band della Svizzera, Bande Municipali di A Coru\u00f1a, Alicante, \u200b\u200bMadrid, Palma di Maiorca, Sta Cruz de Tenerife, Santiago de Compostela, Banda e Orchestra Sinfonica del Conservatorio Superiore de Oviedo, Banda del Conservatorio Superiore delle Isole Canarie, Banda del Conservatorio Superiore di Granada, Banda MUSIKENE&#8230; \u00c8 stato direttore principale di diverse bande della Comunit\u00e0 Valenciana e direttore principale dell&#8217;Orchestra Sinfonica di Albacete dal 2001 al 2013. \u00c8 stato direttore artistico dei Corsi di Perfezionamento Musicale \u201cG.A. Fano\u201d di Spilimbergo (Friuli).<\/p>\n\n\n<div class=\"wp-block-image\">\n<figure class=\"alignleft size-full is-resized\"><img loading=\"lazy\" decoding=\"async\" width=\"800\" height=\"400\" src=\"http:\/\/www.fiativallecamonica.net\/wp-content\/uploads\/2024\/10\/Jose-Rafael-Pascual-Vilaplana.png\" alt=\"\" class=\"wp-image-2100\" style=\"width:301px;height:auto\" srcset=\"http:\/\/www.fiativallecamonica.net\/wp-content\/uploads\/2024\/10\/Jose-Rafael-Pascual-Vilaplana.png 800w, http:\/\/www.fiativallecamonica.net\/wp-content\/uploads\/2024\/10\/Jose-Rafael-Pascual-Vilaplana-300x150.png 300w, http:\/\/www.fiativallecamonica.net\/wp-content\/uploads\/2024\/10\/Jose-Rafael-Pascual-Vilaplana-768x384.png 768w, http:\/\/www.fiativallecamonica.net\/wp-content\/uploads\/2024\/10\/Jose-Rafael-Pascual-Vilaplana-720x360.png 720w\" sizes=\"(max-width: 800px) 100vw, 800px\" \/><\/figure><\/div>\n\n\n<p>Ha collaborato con solisti del livello di Paquito d&#8217;Rivera, Asier Polo, Sergei Nakariakov, Jorgen van Rijen, Pacho Flores, Vincent David, Sergio Carolino, Elisabete Matos,.. tra gli altri. \u00c8 vincitore dei concorsi internazionali di direzione d&#8217;orchestra del WMC di Kerkrade (Olanda, 1997) e dell&#8217;EBBA di Birmingham (Inghilterra, 2000).<\/p>\n\n\n\n<p><a href=\"http:\/\/www.pascualvilaplana.com\">www.pascualvilaplana.com<\/a><\/p>\n","protected":false},"excerpt":{"rendered":"<p>Direttore principale della Banda Municipale di Bilbao dal 2015 e della Banda Municipale di Barcellona dal 2018, \u00e8 anche direttore ospite principale della Banda Sinfonica Portuguesa di Porto dal 2010. Ha studiato direzione di banda con Jan Cober (Paesi Bassi) e Eugene Corporon (USA) e direzione d&#8217;orchestra con Karl \u00d6sterreicher, Yuji Yuhasa e Hans Graf [&hellip;]<\/p>\n","protected":false},"author":1,"featured_media":2100,"comment_status":"closed","ping_status":"open","sticky":false,"template":"","format":"standard","meta":{"footnotes":""},"categories":[6,2],"tags":[],"_links":{"self":[{"href":"http:\/\/www.fiativallecamonica.net\/index.php\/wp-json\/wp\/v2\/posts\/2099"}],"collection":[{"href":"http:\/\/www.fiativallecamonica.net\/index.php\/wp-json\/wp\/v2\/posts"}],"about":[{"href":"http:\/\/www.fiativallecamonica.net\/index.php\/wp-json\/wp\/v2\/types\/post"}],"author":[{"embeddable":true,"href":"http:\/\/www.fiativallecamonica.net\/index.php\/wp-json\/wp\/v2\/users\/1"}],"replies":[{"embeddable":true,"href":"http:\/\/www.fiativallecamonica.net\/index.php\/wp-json\/wp\/v2\/comments?post=2099"}],"version-history":[{"count":1,"href":"http:\/\/www.fiativallecamonica.net\/index.php\/wp-json\/wp\/v2\/posts\/2099\/revisions"}],"predecessor-version":[{"id":2102,"href":"http:\/\/www.fiativallecamonica.net\/index.php\/wp-json\/wp\/v2\/posts\/2099\/revisions\/2102"}],"wp:featuredmedia":[{"embeddable":true,"href":"http:\/\/www.fiativallecamonica.net\/index.php\/wp-json\/wp\/v2\/media\/2100"}],"wp:attachment":[{"href":"http:\/\/www.fiativallecamonica.net\/index.php\/wp-json\/wp\/v2\/media?parent=2099"}],"wp:term":[{"taxonomy":"category","embeddable":true,"href":"http:\/\/www.fiativallecamonica.net\/index.php\/wp-json\/wp\/v2\/categories?post=2099"},{"taxonomy":"post_tag","embeddable":true,"href":"http:\/\/www.fiativallecamonica.net\/index.php\/wp-json\/wp\/v2\/tags?post=2099"}],"curies":[{"name":"wp","href":"https:\/\/api.w.org\/{rel}","templated":true}]}}