{"id":2095,"date":"2024-10-23T09:06:23","date_gmt":"2024-10-23T07:06:23","guid":{"rendered":"http:\/\/www.fiativallecamonica.net\/?p=2095"},"modified":"2024-10-23T09:24:04","modified_gmt":"2024-10-23T07:24:04","slug":"rituali-e-danze-ofvc-jose-rafael-pascual-vilaplana","status":"publish","type":"post","link":"http:\/\/www.fiativallecamonica.net\/index.php\/2024\/10\/23\/rituali-e-danze-ofvc-jose-rafael-pascual-vilaplana\/","title":{"rendered":"Rituali e Danze &#8211; OFVC &#038; Jos\u00e9 Rafael Pascual Vilaplana"},"content":{"rendered":"\n<p>Domenica 27 ottobre alle 17, presso l&#8217;Auditorium dell&#8217;Istituto Superiore Pascal-Mazzolari di Verolanuova, l&#8217;Orchestra Fiati di Valle Camonica si esibir\u00e0 nel concerto &#8220;Rituali e Danze&#8221;, una serata di musica che esplora l&#8217;energia e la variet\u00e0 delle tradizioni culturali attraverso il movimento e il ritmo. Il concerto porter\u00e0 il pubblico in una dimensione evocativa, dove le danze popolari e i rituali antichi si incontrano per raccontare storie senza tempo, piene di mistero, passione e bellezza.<\/p>\n\n\n<div class=\"wp-block-image\">\n<figure class=\"alignleft size-full is-resized\"><img loading=\"lazy\" decoding=\"async\" width=\"510\" height=\"544\" src=\"http:\/\/www.fiativallecamonica.net\/wp-content\/uploads\/2024\/10\/Vilapalana.jpg\" alt=\"\" class=\"wp-image-2096\" style=\"width:405px;height:auto\" srcset=\"http:\/\/www.fiativallecamonica.net\/wp-content\/uploads\/2024\/10\/Vilapalana.jpg 510w, http:\/\/www.fiativallecamonica.net\/wp-content\/uploads\/2024\/10\/Vilapalana-281x300.jpg 281w, http:\/\/www.fiativallecamonica.net\/wp-content\/uploads\/2024\/10\/Vilapalana-300x320.jpg 300w\" sizes=\"(max-width: 510px) 100vw, 510px\" \/><\/figure><\/div>\n\n\n<p>Il programma include brani che spaziano dalle antiche cerimonie sacre fino alle danze travolgenti e vivaci di varie culture, e ogni pezzo rappresenta una celebrazione della vita, dei cicli della natura e delle comunit\u00e0 che, da sempre, utilizzano la musica come mezzo per esprimere emozioni, credenze e desideri.<\/p>\n\n\n\n<p>Per l&#8217;occasione, l&#8217;OFVC sar\u00f2 diretta dal Maestro <a href=\"http:\/\/www.fiativallecamonica.net\/index.php\/2024\/10\/23\/jose-rafael-pascual-vilaplana\/\" data-type=\"link\" data-id=\"http:\/\/www.fiativallecamonica.net\/index.php\/2024\/10\/23\/jose-rafael-pascual-vilaplana\/\">Jos\u00e9 Rafael Pascual-Vilaplana<\/a>, direttore spagnolo tra i pi\u00f9 importanti al mondo. Direttore principale della Banda Municipale di Bilbao dal 2015 e della Banda Municipale di Barcellona dal 2018, \u00e8 anche direttore ospite principale della Banda Sinfonica Portuguesa di Porto dal 2010, ed \u00e8 invitato come direttore ospite in tutto il mondo alla direzione sia delle pi\u00f9 importanti bande musicali che di orchestre sinfoniche.<\/p>\n\n\n\n<p>Il programma e il link per l&#8217;acquisto dei biglietti sono disponibili nella <a href=\"http:\/\/www.fiativallecamonica.net\/index.php\/event\/rituali-e-danze-ofvc-jose-rafael-pascual-vilaplana\/\" data-type=\"link\" data-id=\"http:\/\/www.fiativallecamonica.net\/index.php\/event\/rituali-e-danze-ofvc-jose-rafael-pascual-vilaplana\/\">pagina dedicata<\/a> o nell&#8217;evento <a href=\"https:\/\/fb.me\/e\/2zhqPffUM\">FACEBOOK<\/a><\/p>\n\n\n\n<p><\/p>\n\n\n\n<p><\/p>\n","protected":false},"excerpt":{"rendered":"<p>Domenica 27 ottobre alle 17, presso l&#8217;Auditorium dell&#8217;Istituto Superiore Pascal-Mazzolari di Verolanuova, l&#8217;Orchestra Fiati di Valle Camonica si esibir\u00e0 nel concerto &#8220;Rituali e Danze&#8221;, una serata di musica che esplora l&#8217;energia e la variet\u00e0 delle tradizioni culturali attraverso il movimento e il ritmo. Il concerto porter\u00e0 il pubblico in una dimensione evocativa, dove le danze [&hellip;]<\/p>\n","protected":false},"author":1,"featured_media":2093,"comment_status":"closed","ping_status":"open","sticky":true,"template":"","format":"standard","meta":{"footnotes":""},"categories":[1],"tags":[],"_links":{"self":[{"href":"http:\/\/www.fiativallecamonica.net\/index.php\/wp-json\/wp\/v2\/posts\/2095"}],"collection":[{"href":"http:\/\/www.fiativallecamonica.net\/index.php\/wp-json\/wp\/v2\/posts"}],"about":[{"href":"http:\/\/www.fiativallecamonica.net\/index.php\/wp-json\/wp\/v2\/types\/post"}],"author":[{"embeddable":true,"href":"http:\/\/www.fiativallecamonica.net\/index.php\/wp-json\/wp\/v2\/users\/1"}],"replies":[{"embeddable":true,"href":"http:\/\/www.fiativallecamonica.net\/index.php\/wp-json\/wp\/v2\/comments?post=2095"}],"version-history":[{"count":3,"href":"http:\/\/www.fiativallecamonica.net\/index.php\/wp-json\/wp\/v2\/posts\/2095\/revisions"}],"predecessor-version":[{"id":2103,"href":"http:\/\/www.fiativallecamonica.net\/index.php\/wp-json\/wp\/v2\/posts\/2095\/revisions\/2103"}],"wp:featuredmedia":[{"embeddable":true,"href":"http:\/\/www.fiativallecamonica.net\/index.php\/wp-json\/wp\/v2\/media\/2093"}],"wp:attachment":[{"href":"http:\/\/www.fiativallecamonica.net\/index.php\/wp-json\/wp\/v2\/media?parent=2095"}],"wp:term":[{"taxonomy":"category","embeddable":true,"href":"http:\/\/www.fiativallecamonica.net\/index.php\/wp-json\/wp\/v2\/categories?post=2095"},{"taxonomy":"post_tag","embeddable":true,"href":"http:\/\/www.fiativallecamonica.net\/index.php\/wp-json\/wp\/v2\/tags?post=2095"}],"curies":[{"name":"wp","href":"https:\/\/api.w.org\/{rel}","templated":true}]}}