{"id":1945,"date":"2022-07-22T17:19:09","date_gmt":"2022-07-22T15:19:09","guid":{"rendered":"http:\/\/www.fiativallecamonica.net\/?p=1945"},"modified":"2024-05-08T10:31:39","modified_gmt":"2024-05-08T08:31:39","slug":"saxa-picta","status":"publish","type":"post","link":"http:\/\/www.fiativallecamonica.net\/index.php\/2022\/07\/22\/saxa-picta\/","title":{"rendered":"Saxa Picta"},"content":{"rendered":"\n<p>Il concerto di chiusura del <strong>Valle Camonica Wind Festival<\/strong>, giunto alla sua terza edizione, si terr\u00e0 <strong>Sabato 23 Luglio 2022<\/strong> alle ore <strong>21:00<\/strong> con l\u2019evento \u201c<strong>SAXA PICTA: 12.000 anni di Storia e Ambiente in Valle Camonica<\/strong>\u201d presso il <strong>Parco Archeologico Nazionale dei Massi di Cemmo<\/strong>.<\/p>\n\n\n\n<p>Il programma racconta in musica la storia dell\u2019Uomo con una lettura contemporanea, nella quale si compenetrano Arte, Ambiente, Passato e Futuro della nostra Terra.<\/p>\n\n\n\n<p>Quale miglior inizio se non la celebrazione del Culto del Sole? Il Sole \u00e8 fonte della vita stessa ed \u00e8 stata la prima divinit\u00e0 adorata dall\u2019uomo fin dalla preistoria. <strong>L\u2019INNO AL SOLE <\/strong>del giapponese <strong>Satoshi Yagisawa<\/strong>, celebra e descrive musicalmente il Culto del Sole, che con il pulsare continuo della Madre Terra scandisce il ritmo della Vita e ne diventa il culto primordiale.<\/p>\n\n\n\n<p>L\u2019Arte Rupestre costituisce il principale veicolo di trasmissione di quel Culto, e permette a noi, migliaia di anni dopo, di conoscere capire ed interpretare la vita degli uomini di quel tempo. L\u2019arte rupestre e ispirazione per <strong>Luciano Feliciani <\/strong>per la scrittura di \u201c<strong>SAXA PICTA<\/strong>\u201d, brano segnalato al Concorso Internazionale di Composizione indetto per il 30\u00b0 anno di fondazione dall\u2019Orchestra Fiati della Svizzera Italiana, e qui eseguito in prima assoluta.&nbsp;<\/p>\n\n\n\n<p>Il viaggio dell\u2019Uomo continua negli anni, le incisioni proseguono, si evolvono fino agli albori dell\u2019et\u00e0 Romana. La presenza dei Romani nelle nostre valli \u00e8 importante, lascia numerose testimonianze sia visibili (Templi, Teatri, Strade) che, poich\u00e9 assimilate negli anni, invisibili (urbanistica, toponimi). L\u2019espansione a Nord dell\u2019Impero, ha visto le nostre valli come luogo di passaggio, di scambi commerciale e di battaglie. <strong>SPARTACUS<\/strong>, di <strong>Jan van der Roost<\/strong>, \u00e8 un omaggio a Roma Antica, ai suoi eroi e al suo dominio sull\u2019Europa e sul mediterraneo.<\/p>\n\n\n\n<p>L\u2019ambiente per\u00f2 non \u00e8 stabile. L\u2019uomo, la sua Arte, le sue scoperte, la sua evoluzione, hanno un prezzo; un prezzo che il nostro Ambiente sta scontando. Una riflessione deve essere fatta, i giovani del 21\u00b0 Secolo si stanno disponendo in una posizione critica rispetto allo sfruttamento delle risorse, dell\u2019inquinamento e del futuro del Pianeta. I disastri ambientali ci sono sempre stati: vulcani, terremoti, inondazioni\u2026 eventi \u201cnormali\u201d che servono alla Terra per assestarsi ed evolversi allo stesso tempo, come un unico organismo. Negli ultimi 3 secoli, per\u00f2, l\u2019Uomo ha messo del proprio nello sfruttamento e nella distruzione del Mondo che ci circonda. Dalla deforestazione dei grandi polmoni Verdi all\u2019inquinamento incontrollato, Da Chernobyl a Fukushima, l\u2019uomo sta creando durante l\u2019evoluzione della propria civilt\u00e0, una serie di ulteriori disastri ambientali \u201cinnaturali\u201d, che colpiscono profondamente la Natura e rendono la Terra un posto sempre meno sostenibile. Il disastro della Petroliera \u201cPrestige\u201d, arenatasi sulle coste della Galizia nel 2002, e il conseguente disastro ambientale dovuto allo sversamento del Petrolio in mare, sono la fonte di ispirazione per <strong>Anton Alcalde Rodriguez <\/strong>nella scrittura della sua 1^ Sinfonia \u201c<strong>MAREA NEGRA<\/strong>\u201d, brano vincitore nel 2009 del Concorso di Composizione indetto dal Governo Galiziano.<\/p>\n","protected":false},"excerpt":{"rendered":"<p>Il concerto di chiusura del Valle Camonica Wind Festival, giunto alla sua terza edizione, si terr\u00e0 Sabato 23 Luglio 2022 alle ore 21:00 con l\u2019evento \u201cSAXA PICTA: 12.000 anni di Storia e Ambiente in Valle Camonica\u201d presso il Parco Archeologico Nazionale dei Massi di Cemmo. Il programma racconta in musica la storia dell\u2019Uomo con una [&hellip;]<\/p>\n","protected":false},"author":1,"featured_media":1946,"comment_status":"closed","ping_status":"open","sticky":false,"template":"","format":"standard","meta":{"footnotes":""},"categories":[7],"tags":[],"_links":{"self":[{"href":"http:\/\/www.fiativallecamonica.net\/index.php\/wp-json\/wp\/v2\/posts\/1945"}],"collection":[{"href":"http:\/\/www.fiativallecamonica.net\/index.php\/wp-json\/wp\/v2\/posts"}],"about":[{"href":"http:\/\/www.fiativallecamonica.net\/index.php\/wp-json\/wp\/v2\/types\/post"}],"author":[{"embeddable":true,"href":"http:\/\/www.fiativallecamonica.net\/index.php\/wp-json\/wp\/v2\/users\/1"}],"replies":[{"embeddable":true,"href":"http:\/\/www.fiativallecamonica.net\/index.php\/wp-json\/wp\/v2\/comments?post=1945"}],"version-history":[{"count":1,"href":"http:\/\/www.fiativallecamonica.net\/index.php\/wp-json\/wp\/v2\/posts\/1945\/revisions"}],"predecessor-version":[{"id":1947,"href":"http:\/\/www.fiativallecamonica.net\/index.php\/wp-json\/wp\/v2\/posts\/1945\/revisions\/1947"}],"wp:featuredmedia":[{"embeddable":true,"href":"http:\/\/www.fiativallecamonica.net\/index.php\/wp-json\/wp\/v2\/media\/1946"}],"wp:attachment":[{"href":"http:\/\/www.fiativallecamonica.net\/index.php\/wp-json\/wp\/v2\/media?parent=1945"}],"wp:term":[{"taxonomy":"category","embeddable":true,"href":"http:\/\/www.fiativallecamonica.net\/index.php\/wp-json\/wp\/v2\/categories?post=1945"},{"taxonomy":"post_tag","embeddable":true,"href":"http:\/\/www.fiativallecamonica.net\/index.php\/wp-json\/wp\/v2\/tags?post=1945"}],"curies":[{"name":"wp","href":"https:\/\/api.w.org\/{rel}","templated":true}]}}