{"id":1468,"date":"2018-03-08T09:11:44","date_gmt":"2018-03-08T08:11:44","guid":{"rendered":"http:\/\/www.fiativallecamonica.net\/?p=1468"},"modified":"2020-10-09T11:22:16","modified_gmt":"2020-10-09T09:22:16","slug":"americhe-il-programma-ofvc-2018","status":"publish","type":"post","link":"http:\/\/www.fiativallecamonica.net\/index.php\/2018\/03\/08\/americhe-il-programma-ofvc-2018\/","title":{"rendered":"AmerichE: il programma OFVC 2018"},"content":{"rendered":"<p style=\"text-align: justify;\"><b><i>A<\/i><\/b><b><i>merich<\/i><\/b><b><i>E:\u00a0<\/i><\/b><i>100 anni di Leonard Bernstein<\/i><b><i><\/i><\/b><\/p>\n<p style=\"text-align: justify;\">Il programma principale dell&#8217;attivit\u00e0 artistica OFVC per il 2018 sar\u00e0 centrato sulla figura di Leonard Bernstein, nel centenario della nascita.<\/p>\n<p style=\"text-align: justify;\"><a href=\"http:\/\/www.fiativallecamonica.net\/wp-content\/uploads\/2018\/03\/Lenny-3.jpg\"><img loading=\"lazy\" decoding=\"async\" class=\"alignleft size-medium wp-image-1466\" alt=\"Lenny 3\" src=\"http:\/\/www.fiativallecamonica.net\/wp-content\/uploads\/2018\/03\/Lenny-3-300x198.jpg\" width=\"300\" height=\"198\" srcset=\"http:\/\/www.fiativallecamonica.net\/wp-content\/uploads\/2018\/03\/Lenny-3-300x198.jpg 300w, http:\/\/www.fiativallecamonica.net\/wp-content\/uploads\/2018\/03\/Lenny-3-1024x677.jpg 1024w, http:\/\/www.fiativallecamonica.net\/wp-content\/uploads\/2018\/03\/Lenny-3-720x476.jpg 720w, http:\/\/www.fiativallecamonica.net\/wp-content\/uploads\/2018\/03\/Lenny-3.jpg 1548w\" sizes=\"(max-width: 300px) 100vw, 300px\" \/><\/a>Leonard Bernstein, il Karajan americano pi\u00f9 moderno dei presunti moderni, \u00e8 stato il simbolo della popolarizzazione della musica <em>colta<\/em> nel secolo scorso. Compositore raffinato, nelle cui opere sapientemente si mischiano la musica contemporanea, la classica e il jazz; pianista eccellente soprattutto nella musica del \u2018900 (fu uno dei maggiori interpreti del concerto in Sol di Ravel, suonato con freschezza e piglio unici. Nino Rota lo preferiva in quel repertorio addirittura ad Arturo Benedetti Michelangeli, a suo dire troppo raffinato); direttore d\u2019orchestra tra pi\u00f9 acclamati al mondo, legato al repertorio europeo come inarrivabile interprete di Beethoven, Schubert, Schumann e Haydn, per non parlare di Gustav Mahler; grande didatta e divulgatore, ha saputo avvicinare al mondo orchestrale migliaia di giovani.<\/p>\n<p style=\"text-align: justify;\">Un\u2019esuberanza musicale figlia della conoscenza illimitata del mondo delle sette note.<\/p>\n<p style=\"text-align: justify;\"><a href=\"http:\/\/www.fiativallecamonica.net\/wp-content\/uploads\/2018\/03\/Lenny-6.jpg\"><img loading=\"lazy\" decoding=\"async\" class=\"alignright size-medium wp-image-1467\" alt=\"Lenny 6\" src=\"http:\/\/www.fiativallecamonica.net\/wp-content\/uploads\/2018\/03\/Lenny-6-300x168.jpg\" width=\"300\" height=\"168\" srcset=\"http:\/\/www.fiativallecamonica.net\/wp-content\/uploads\/2018\/03\/Lenny-6-300x168.jpg 300w, http:\/\/www.fiativallecamonica.net\/wp-content\/uploads\/2018\/03\/Lenny-6-1024x576.jpg 1024w, http:\/\/www.fiativallecamonica.net\/wp-content\/uploads\/2018\/03\/Lenny-6-720x405.jpg 720w, http:\/\/www.fiativallecamonica.net\/wp-content\/uploads\/2018\/03\/Lenny-6.jpg 1400w\" sizes=\"(max-width: 300px) 100vw, 300px\" \/><\/a>Una folta schiera di compositori nel corso del 900 si \u00e8 inserita nella strada tracciata da Bernstein, dando alla musica americana una connotazione talmente specifica da diventare genere a s\u00e9. Il progetto artistico OFVC per il 2018 vuole celebrare Leonard Bernstein e i suoi successori, quei musicisti che per linguaggio, commistione di generi ed innovazione, sono riusciti a mantenere vivo il suo insegnamento. Ma anche quei compositori che gi\u00e0 prima di lui furono profondi innovatori soprattutto nel panorama bandisitco, come Percy Grainger che come lui fu eccellente pianista, composotore e direttore. Un programma di ampio respiro, ricco di quella genialit\u00e0 eclettica e sfrontata di cui Bernstein \u00e8 stato, \u00e8 e rimarr\u00e0 un fulgido esempio per molti anni\u00a0 a venire.<b><i><\/i><\/b><\/p>\n","protected":false},"excerpt":{"rendered":"<p>AmerichE:\u00a0100 anni di Leonard Bernstein Il programma principale dell&#8217;attivit\u00e0 artistica OFVC per il 2018 sar\u00e0 centrato sulla figura di Leonard Bernstein, nel centenario della nascita. Leonard Bernstein, il Karajan americano pi\u00f9 moderno dei presunti moderni, \u00e8 stato il simbolo della popolarizzazione della musica colta nel secolo scorso. Compositore raffinato, nelle cui opere sapientemente si mischiano [&hellip;]<\/p>\n","protected":false},"author":1,"featured_media":1465,"comment_status":"closed","ping_status":"open","sticky":false,"template":"","format":"standard","meta":{"footnotes":""},"categories":[8],"tags":[],"_links":{"self":[{"href":"http:\/\/www.fiativallecamonica.net\/index.php\/wp-json\/wp\/v2\/posts\/1468"}],"collection":[{"href":"http:\/\/www.fiativallecamonica.net\/index.php\/wp-json\/wp\/v2\/posts"}],"about":[{"href":"http:\/\/www.fiativallecamonica.net\/index.php\/wp-json\/wp\/v2\/types\/post"}],"author":[{"embeddable":true,"href":"http:\/\/www.fiativallecamonica.net\/index.php\/wp-json\/wp\/v2\/users\/1"}],"replies":[{"embeddable":true,"href":"http:\/\/www.fiativallecamonica.net\/index.php\/wp-json\/wp\/v2\/comments?post=1468"}],"version-history":[{"count":5,"href":"http:\/\/www.fiativallecamonica.net\/index.php\/wp-json\/wp\/v2\/posts\/1468\/revisions"}],"predecessor-version":[{"id":1726,"href":"http:\/\/www.fiativallecamonica.net\/index.php\/wp-json\/wp\/v2\/posts\/1468\/revisions\/1726"}],"wp:featuredmedia":[{"embeddable":true,"href":"http:\/\/www.fiativallecamonica.net\/index.php\/wp-json\/wp\/v2\/media\/1465"}],"wp:attachment":[{"href":"http:\/\/www.fiativallecamonica.net\/index.php\/wp-json\/wp\/v2\/media?parent=1468"}],"wp:term":[{"taxonomy":"category","embeddable":true,"href":"http:\/\/www.fiativallecamonica.net\/index.php\/wp-json\/wp\/v2\/categories?post=1468"},{"taxonomy":"post_tag","embeddable":true,"href":"http:\/\/www.fiativallecamonica.net\/index.php\/wp-json\/wp\/v2\/tags?post=1468"}],"curies":[{"name":"wp","href":"https:\/\/api.w.org\/{rel}","templated":true}]}}