{"id":1137,"date":"2016-08-31T12:06:42","date_gmt":"2016-08-31T10:06:42","guid":{"rendered":"http:\/\/www.fiativallecamonica.net\/?p=1137"},"modified":"2016-09-28T14:18:44","modified_gmt":"2016-09-28T12:18:44","slug":"delirium","status":"publish","type":"post","link":"http:\/\/www.fiativallecamonica.net\/index.php\/2016\/08\/31\/delirium\/","title":{"rendered":"DELIRIUM"},"content":{"rendered":"<p style=\"text-align: center;\" align=\"center\"><b>Orchestra di Fiati di Valle Camonica<br \/>\n<\/b><b>&amp;<br \/>\n<\/b><b>Boris Savoldelli<\/b><\/p>\n<p style=\"text-align: center;\" align=\"center\">\u00a0presentano<\/p>\n<p style=\"text-align: center;\" align=\"center\">\u00a0<big><big><big><big><b>DELIRIUM!<br \/>\n<\/b><\/big><\/big><\/big><\/big><b>Burle Sinfoniche per cantante jazz esaurito e banda disastrata<br \/>\n<\/b><b>di Federico Agnello<\/b><\/p>\n<p align=\"center\"><b>\u00a0<\/b><\/p>\n<p style=\"text-align: justify;\">Il progetto prevede uno spettacolo originale, commissionato dall\u2019Orchestra di Fiati di Valle Camonica a uno dei pi\u00f9 creativi ed emergenti compositori italiani: Federico Agnello. L&#8217;ensemble condivider\u00e0 il palco con il jazz singer Boris Savoldelli.<\/p>\n<p style=\"text-align: justify;\">\u00a0<b>Delirium!, l\u2019opera di Federico Agnello<br \/>\n<\/b>\u00a0Questo spettacolo musicale \u00e8 il tripudio del delirio che viaggia intorno a noi in tutto ci\u00f2 che ci circonda. Delirio visto non solo in termini di malattia mentale, ma soprattutto in senso futuristico e metafisico, che mette in contraddizione le passioni pi\u00f9 distanti con quelle pi\u00f9 vicine e dove un affetto mesto pu\u00f2 essere allo stesso tempo allegro e giocoso ma con tristezza paradisiaca.<\/p>\n<p style=\"text-align: justify;\">Il so<a href=\"http:\/\/www.fiativallecamonica.net\/wp-content\/uploads\/2016\/08\/delirium-rosso-piccolo.jpg\"><img loading=\"lazy\" decoding=\"async\" class=\"alignleft size-medium wp-image-1141\" alt=\"delirium rosso piccolo\" src=\"http:\/\/www.fiativallecamonica.net\/wp-content\/uploads\/2016\/08\/delirium-rosso-piccolo-300x103.jpg\" width=\"300\" height=\"103\" srcset=\"http:\/\/www.fiativallecamonica.net\/wp-content\/uploads\/2016\/08\/delirium-rosso-piccolo-300x103.jpg 300w, http:\/\/www.fiativallecamonica.net\/wp-content\/uploads\/2016\/08\/delirium-rosso-piccolo.jpg 512w\" sizes=\"(max-width: 300px) 100vw, 300px\" \/><\/a>ttotitolo \u00e8 gi\u00e0 un programma mentale che fa entrare con chiarezza in quello che sar\u00e0 tutto il fulcro dello spettacolo: <b><i>Burle Sinfoniche per cantante jazz esaurito e banda disastrata<\/i><\/b><i>.<\/i> Per la prima volta viene associato un cantante Jazz<i> <\/i>non convenzionale come Boris Savoldelli a un\u2019orchestra di fiati e il risultato sonoro sar\u00e0 di sicuro impatto e novit\u00e0. L\u2019autore ha<i> <\/i>catapultato (in senso ideologico) un mondo sonoro in un altro, e viceversa, creando qualcosa di innovativo e sperimentale,<i> <\/i>utilizzando tutti i clich\u00e9 possibili e unendoli in delle metamorfosi paradossali che creano scompiglio e disarmonia organizzata in<i> <\/i>un palinsesto di emozioni culturalmente opposte.<i><\/i><\/p>\n<p style=\"text-align: justify;\">\u201cDelirium!\u201d ha un obiettivo fondamentale: far delirare l\u2019ascoltatore e stordirlo con una serie shock mentali che non gli daranno una concezione di spazio e luogo in cui si trova in quel momento. Per arrivare a questo obiettivo <b>Federico Agnello<\/b> ha attuato una serie di espedienti per far si che accada. Innanzitutto la strumentazione e gli organici utilizzati per le varie sezioni dello spettacolo non saranno mai uguali e scontate: si passa dall\u2019utilizzo di poche sezioni strumentali a quelle solistiche e poi all\u2019organico completo\u037e gli stili compositivi utilizzati sono innumerevoli\u037e dallo swing al minimale, dagli adagi dolci e delicati a delle sezioni violente e piene di brio, dal linguaggio convenzionale a quello pi\u00f9 sperimentale e in alcune parti dalla sovrapposizione di tutti questi elementi.<\/p>\n<p style=\"text-align: justify;\">Nella parte centrale \u201cDelirium!\u201d avvolger\u00e0 letteralmente il pubblico facendolo sentire al centro dei suoni e disorientandone completamente la sensazione di un concerto classico. <b>L\u2019orchestra<\/b> scender\u00e0 dal palco e avvolger\u00e0 gli ascoltatori creando delle connessioni invisibili ma nette fra suono, mente e ambiente, scavando nella materia della percezione sensoriale.<\/p>\n<p style=\"text-align: justify;\">Il <b>cantante jazz<\/b> sar\u00e0 il vero protagonista dello spettacolo, il punto centrale dal quale nascono tutte le varie sezioni. La voce, oltre a essere stata utilizzata in maniera convenzionale (solista accompagnato dall\u2019orchestra), diventa un elemento dell\u2019orchestra cambiando il suono di quest\u2019ultima e anche un accompagnamento delle sezioni orchestrali. Un trattamento poliedrico della voce che creer\u00e0 variet\u00e0 di stati mentali confusionali in cui l\u2019attenzione, la percezione e la cognizione appariranno significativamente compromesse.<\/p>\n<p style=\"text-align: justify;\">Altro elemento di spicco \u00e8 l\u2019utilizzo di <b>due testi futuristici di Aldo Palazzeschi,<\/b> \u201c<i>E Lasciatemi Divertire<\/i>\u201d e \u201c<i>I Fiori<\/i>\u201d, che creeranno un grande rapporto di forza con il materiale musicale e le emozioni della parola. Il testo \u00e8 utilizzato in modo delirante cercando di esplorare il significato intrinseco del delirio che fondamentalmente \u00e8 un modello mentale della realt\u00e0 inadeguato, in quanto le decisioni e i comportamenti che vengono adottati in base a questo modello finiscono con l\u2019essere svantaggiosi.<\/p>\n<p style=\"text-align: justify;\">Il progetto &#8220;DELIRIUM!&#8221; sostiene l&#8217;<a href=\"http:\/\/www.associazioneangelman.it\" target=\"_blank\">Associazione Angelman<\/a><a href=\"http:\/\/www.fiativallecamonica.net\/wp-content\/uploads\/2016\/02\/Angelman-e1456224430291.jpg\"><br \/>\n<\/a><\/p>\n<p style=\"text-align: justify;\">\u00a0<b>Boris Savoldelli, la voce della Valle Camonica nel mondo<\/b><\/p>\n<p style=\"text-align: justify;\">\u00a0<a href=\"http:\/\/www.fiativallecamonica.net\/wp-content\/uploads\/2016\/08\/Boris-Savoldelli_1-piccola.jpg\"><img loading=\"lazy\" decoding=\"async\" class=\"alignleft size-medium wp-image-1139\" alt=\"Boris Savoldelli_1 piccola\" src=\"http:\/\/www.fiativallecamonica.net\/wp-content\/uploads\/2016\/08\/Boris-Savoldelli_1-piccola-300x287.jpg\" width=\"300\" height=\"287\" srcset=\"http:\/\/www.fiativallecamonica.net\/wp-content\/uploads\/2016\/08\/Boris-Savoldelli_1-piccola-300x287.jpg 300w, http:\/\/www.fiativallecamonica.net\/wp-content\/uploads\/2016\/08\/Boris-Savoldelli_1-piccola-720x689.jpg 720w, http:\/\/www.fiativallecamonica.net\/wp-content\/uploads\/2016\/08\/Boris-Savoldelli_1-piccola.jpg 829w\" sizes=\"(max-width: 300px) 100vw, 300px\" \/><\/a>Boris Savoldelli \u00e8 un vocal performer dotato di grande personalit\u00e0. Affascinato dalle potenzialit\u00e0 dello \u201cstrumento voce\u201d, con un background sia di studi classici sia, grazie all\u2019amicizia col suo mentore <b>Mark Murphy<\/b>, di matrice jazz (senza dimenticare le origini rock), Boris savoldelli \u00e8 continuamente alla ricerca di nuove forme espressive vocali, con l\u2019ausilio di apparecchiature elettroniche sviluppate da lui stesso e in collaborazione con dipartimento di <b>\u201cSound and Music Computing\u201d del Politecnico di Milano<\/b>. Pi\u00f9 conosciuto all\u2019estero (soprattutto in Russia e nell\u2019Est asiatico) che in Italia, Boris Savoldelli vanta una collaborazione con i massimi esponenti dell\u2019avanguardia jazz mondiale, da Marc Ribot a Stefano Bollani, da Elliot Sharp a Paolo Fresu, e ha ottenuto il prestigioso riconoscimento \u201cLa Parola Cantata\u201d dal Ministero della cultura russo per il suo lavoro sul poeta <b>Sergey Esenin<\/b>.<br \/>\n<i>www.borisinger.eu<\/i><\/p>\n<p style=\"text-align: justify;\"><b>Federico Agnello, l\u2019autore<br \/>\n<\/b><a href=\"http:\/\/www.fiativallecamonica.net\/wp-content\/uploads\/2016\/08\/Federico-Agnello-piccola.jpg\"><img loading=\"lazy\" decoding=\"async\" class=\"size-medium wp-image-1140 alignright\" alt=\"Federico Agnello piccola\" src=\"http:\/\/www.fiativallecamonica.net\/wp-content\/uploads\/2016\/08\/Federico-Agnello-piccola-300x284.jpg\" width=\"300\" height=\"284\" srcset=\"http:\/\/www.fiativallecamonica.net\/wp-content\/uploads\/2016\/08\/Federico-Agnello-piccola-300x284.jpg 300w, http:\/\/www.fiativallecamonica.net\/wp-content\/uploads\/2016\/08\/Federico-Agnello-piccola.jpg 416w\" sizes=\"(max-width: 300px) 100vw, 300px\" \/><\/a>Federico Agnello, siciliano di Augusta, 25 anni, \u00e8 diplomato in strumenti a percussione presso il Conservatorio \u201cA. Corelli\u201d di Messina. Ama suonare particolarmente musica impressionistica, contemporanea e tutto ci\u00f2 che \u00e8 sperimentale, con l\u2019ambizione di comporre musica che abbia uno spirito di innovazione al passo con i tempi. Ha ottenuto decine di prestigiosi premi nazionali e internazionali come percussionista e come compositore. Molte delle sue composizioni vengono scelte come brani d\u2019obbligo in concorsi internazionali.<\/p>\n<p style=\"text-align: justify;\">\n","protected":false},"excerpt":{"rendered":"<p>Orchestra di Fiati di Valle Camonica &amp; Boris Savoldelli \u00a0presentano \u00a0DELIRIUM! Burle Sinfoniche per cantante jazz esaurito e banda disastrata di Federico Agnello \u00a0 Il progetto prevede uno spettacolo originale, commissionato dall\u2019Orchestra di Fiati di Valle Camonica a uno dei pi\u00f9 creativi ed emergenti compositori italiani: Federico Agnello. L&#8217;ensemble condivider\u00e0 il palco con il jazz [&hellip;]<\/p>\n","protected":false},"author":1,"featured_media":1145,"comment_status":"open","ping_status":"open","sticky":false,"template":"","format":"standard","meta":{"footnotes":""},"categories":[8],"tags":[],"_links":{"self":[{"href":"http:\/\/www.fiativallecamonica.net\/index.php\/wp-json\/wp\/v2\/posts\/1137"}],"collection":[{"href":"http:\/\/www.fiativallecamonica.net\/index.php\/wp-json\/wp\/v2\/posts"}],"about":[{"href":"http:\/\/www.fiativallecamonica.net\/index.php\/wp-json\/wp\/v2\/types\/post"}],"author":[{"embeddable":true,"href":"http:\/\/www.fiativallecamonica.net\/index.php\/wp-json\/wp\/v2\/users\/1"}],"replies":[{"embeddable":true,"href":"http:\/\/www.fiativallecamonica.net\/index.php\/wp-json\/wp\/v2\/comments?post=1137"}],"version-history":[{"count":7,"href":"http:\/\/www.fiativallecamonica.net\/index.php\/wp-json\/wp\/v2\/posts\/1137\/revisions"}],"predecessor-version":[{"id":1138,"href":"http:\/\/www.fiativallecamonica.net\/index.php\/wp-json\/wp\/v2\/posts\/1137\/revisions\/1138"}],"wp:featuredmedia":[{"embeddable":true,"href":"http:\/\/www.fiativallecamonica.net\/index.php\/wp-json\/wp\/v2\/media\/1145"}],"wp:attachment":[{"href":"http:\/\/www.fiativallecamonica.net\/index.php\/wp-json\/wp\/v2\/media?parent=1137"}],"wp:term":[{"taxonomy":"category","embeddable":true,"href":"http:\/\/www.fiativallecamonica.net\/index.php\/wp-json\/wp\/v2\/categories?post=1137"},{"taxonomy":"post_tag","embeddable":true,"href":"http:\/\/www.fiativallecamonica.net\/index.php\/wp-json\/wp\/v2\/tags?post=1137"}],"curies":[{"name":"wp","href":"https:\/\/api.w.org\/{rel}","templated":true}]}}