{"id":1006,"date":"2015-09-06T18:01:30","date_gmt":"2015-09-06T16:01:30","guid":{"rendered":"http:\/\/www.fiativallecamonica.net\/?p=1006"},"modified":"2015-10-15T11:52:52","modified_gmt":"2015-10-15T09:52:52","slug":"ofvc-alle-x-giornate-di-brescia-2015","status":"publish","type":"post","link":"http:\/\/www.fiativallecamonica.net\/index.php\/2015\/09\/06\/ofvc-alle-x-giornate-di-brescia-2015\/","title":{"rendered":"OFVC alle X Giornate di Brescia 2015"},"content":{"rendered":"<p><a style=\"color: #c4302b; line-height: 20.7999992370605px;\" href=\"http:\/\/www.fiativallecamonica.net\/wp-content\/uploads\/2015\/05\/IMG_8041.jpg\"><img loading=\"lazy\" decoding=\"async\" class=\"size-medium wp-image-974 alignleft\" alt=\"IMG_8041\" src=\"http:\/\/www.fiativallecamonica.net\/wp-content\/uploads\/2015\/05\/IMG_8041-300x199.jpg\" width=\"300\" height=\"199\" \/><\/a><\/p>\n<p>Il 27 settembre 2015 l&#8217;Orchestra di Fiati di Vallecamonica riprende l&#8217;attivit\u00e0 dopo la pausa estiva con il concerto di chiusura del festival &#8220;Le X Giornate di Brescia&#8221;. Il festival organizzato dall&#8217;Associazione Soldano di Brescia, sotto la Direzione Artistica del M\u00b0 Daniele Alberti, giunge quest&#8217;anno alla sua 10^ edizione, con una proposta variegata ma sempre di altissimo livello. Ad esibirsi sui vari palchi in giro per la citt\u00e0, saranno come sempre artisti di fama internazionale, che intratterranno per dieci giorni consecutivi il foltissimo pubblico del Festival.<\/p>\n<p>&nbsp;<\/p>\n<p>Il tema portante del Festival 2015 \u00e8 &#8220;La Follia&#8221;, nelle sue visioni pi\u00f9 disparate.<\/p>\n<p>Come dice lo stesso M\u00b0 Alberti nella presentazione del Festival:<br \/>\n<em>&#8220;Erasmo da Rotterdam la considerava un elemento genetico, sale della vita propedeutico alla stessa esistenza: \u201cOsservate con quanta previdenza la natura ebbe cura di spargere ovunque un pizzico di follia. Infuse nell\u00b4uomo pi\u00f9 passione che ragione perch\u00e9 fosse tutto meno triste, difficile, brutto, ins<\/em><em>ipido, fastidioso\u201d. Il suo \u201cElogio alla follia\u201d incarna una sorta di ispirazione ideale destinata a evolversi e prendere f<\/em><em>orma attraverso un\u2019effervescente miscela a base di musica, cultura, riflessioni sociologiche, guizzi letterari e parentesi filo-teatrali. Una Babilonia dei linguaggi espressivi declinati tra creativit\u00e0 e contaminazione, pronti a interagire reciprocamente nel palinsesto di appuntamenti che dal 18 al 27 settembre prossimo torneranno a punteggiare la citt\u00e0 con ospiti di caratura internazionale e iniziative dalle molteplici sfaccettature artistiche.&#8221;<\/em><\/p>\n<p>All&#8217;Orchestra di Fiati di Vallecamonica spetta l&#8217;onore di chiudere la giornata finale del Festival, nella sua sede pi\u00f9 istituzionale: il Teatro S. Barnaba. Alle 19.00 sul palco saliranno i 55 musicisti dell&#8217;OFVC con il loro direttore Denis Salvini, per un concerto che sintetizza la follia in tutte le sue forme:\u00a0follia come arte vissuta al limite, follia come genio, follia come terrore, follia come libert\u00e0 assoluta.<\/p>\n<p><span style=\"line-height: 1.6; font-size: 1.3rem;\">La Follia di Niccol\u00f2 Paganini, \u00a0&#8220;Il Violinista del Diavolo&#8221;. Paganini \u00e8 una delle figure pi\u00f9 affascinanti della nostra storia: la sua modernit\u00e0, il successo con le donne, la prodigiosa abilit\u00e0 delle sue lunghe dita nel praticare il pizzicato sulle corde di violino e nel manovrare l&#8217;archetto, al pari del mistero su alcuni periodi della sua vita ne hanno alimentato la leggenda. La rilettura in tema e variazioni del famoso &#8220;Capriccio in La minore nr. 24&#8221; ad opera di James Barnes, ci cala immediatamente nel leitmotiv del festival.<\/span><\/p>\n<p>E&#8217; uno dei pi\u00f9 grandi musicisti del XX secolo a proporci la follia come energia da cui scaturisce il genio: Leonard Bernstein \u00e8 stato sicuramente il musicista pi\u00f9 completo del suo secolo. Eccellente pianista, meraviglioso direttore e didatta e geniale compositore, ha saputo incanalare la propria follia verso la musica in tutte le sue forme e possibilit\u00e0 espressive. Le Danze Sinfoniche da &#8220;West Side Story&#8221; ne sono un fulgido esempio, nel quale troviamo sia il genio e la sregolatezza che il controllo e la precisione certosina propria del grande Bernstein.<\/p>\n<p>Generatore universale di follia, \u00e8 il terrore. Il Vesuvio, vulcano che distrusse Pompei nel 79 d.C., \u00e8 un&#8217;immagine di potenza e di energia. Vesuvius, di Frank Ticheli, \u00e8 una danza selvaggia ed appassionata, come quelle di un baccanale dell&#8217;antica Roma, ma con i suoi ritmi coinvolgenti, i modi esotici e la citazione del Dies Irae, questo baccanale rappresenta una danza folle per gli ultimi terribili giorni della condannata citt\u00e0 di Pompei.<\/p>\n<p>Il concerto si chiude con la libert\u00e0 assoluta di &#8220;Tower of the winds&#8221;, di Daniel Bukvich. Un brano veramente inusuale, intimamente folle, in cui il rigore della formazione orchestrale viene vissuto in assoluta libert\u00e0, con un coinvolgimento totale che solamente un visionario folle come Bukvich poteva concepire.<\/p>\n<p>Clicca<strong> <a href=\"http:\/\/www.fiativallecamonica.net\/index.php\/event\/ofvc-festival-le-x-giornate-di-brescia\/\" target=\"top\"><span style=\"text-decoration: underline;\">\u00a0qui<\/span> <\/a><\/strong> per il programma del concerto.<\/p>\n<p>Posto unico \u20ac 10,00<br \/>\nPrevendita su <span style=\"text-decoration: underline;\"><a href=\"http:\/\/www.vivaticket.it\/index.php?nvpg[evento]&amp;id_show=74603\" target=\"top\"> Vivaticket.it<\/a><\/span><\/p>\n<p>Tutte le info al sito <a href=\"http:\/\/www.lexgiornate.com\/festival-x-giornate\/\" target=\"top\"> www.lexgiornate.com<\/a><\/p>\n","protected":false},"excerpt":{"rendered":"<p>Il 27 settembre 2015 l&#8217;Orchestra di Fiati di Vallecamonica riprende l&#8217;attivit\u00e0 dopo la pausa estiva con il concerto di chiusura del festival &#8220;Le X Giornate di Brescia&#8221;. Il festival organizzato dall&#8217;Associazione Soldano di Brescia, sotto la Direzione Artistica del M\u00b0 Daniele Alberti, giunge quest&#8217;anno alla sua 10^ edizione, con una proposta variegata ma sempre di [&hellip;]<\/p>\n","protected":false},"author":1,"featured_media":1031,"comment_status":"open","ping_status":"open","sticky":false,"template":"","format":"standard","meta":{"footnotes":""},"categories":[8],"tags":[],"_links":{"self":[{"href":"http:\/\/www.fiativallecamonica.net\/index.php\/wp-json\/wp\/v2\/posts\/1006"}],"collection":[{"href":"http:\/\/www.fiativallecamonica.net\/index.php\/wp-json\/wp\/v2\/posts"}],"about":[{"href":"http:\/\/www.fiativallecamonica.net\/index.php\/wp-json\/wp\/v2\/types\/post"}],"author":[{"embeddable":true,"href":"http:\/\/www.fiativallecamonica.net\/index.php\/wp-json\/wp\/v2\/users\/1"}],"replies":[{"embeddable":true,"href":"http:\/\/www.fiativallecamonica.net\/index.php\/wp-json\/wp\/v2\/comments?post=1006"}],"version-history":[{"count":12,"href":"http:\/\/www.fiativallecamonica.net\/index.php\/wp-json\/wp\/v2\/posts\/1006\/revisions"}],"predecessor-version":[{"id":1045,"href":"http:\/\/www.fiativallecamonica.net\/index.php\/wp-json\/wp\/v2\/posts\/1006\/revisions\/1045"}],"wp:featuredmedia":[{"embeddable":true,"href":"http:\/\/www.fiativallecamonica.net\/index.php\/wp-json\/wp\/v2\/media\/1031"}],"wp:attachment":[{"href":"http:\/\/www.fiativallecamonica.net\/index.php\/wp-json\/wp\/v2\/media?parent=1006"}],"wp:term":[{"taxonomy":"category","embeddable":true,"href":"http:\/\/www.fiativallecamonica.net\/index.php\/wp-json\/wp\/v2\/categories?post=1006"},{"taxonomy":"post_tag","embeddable":true,"href":"http:\/\/www.fiativallecamonica.net\/index.php\/wp-json\/wp\/v2\/tags?post=1006"}],"curies":[{"name":"wp","href":"https:\/\/api.w.org\/{rel}","templated":true}]}}